
{"id":71203092,"date":"2025-04-30T20:35:03","date_gmt":"2025-04-30T20:35:03","guid":{"rendered":"https:\/\/colegiopuertosol.net\/?p=71203092"},"modified":"2025-04-30T20:35:03","modified_gmt":"2025-04-30T20:35:03","slug":"giada-y-el-laberinto-el-teatro-de-titeres-cobra-vida-en-manos-de-nuestros-alumnos-de-secundaria","status":"publish","type":"post","link":"https:\/\/colegiopuertosol.net\/?p=71203092","title":{"rendered":"\u00abGiada y el laberinto\u00bb: El teatro de t\u00edteres cobra vida en manos de nuestros alumnos de Secundaria"},"content":{"rendered":"\n<p>Nos complace anunciar la nueva representaci\u00f3n del gui\u00f1ol <strong>\u00abGiada y el laberinto\u00bb<\/strong>, una obra original desarrollada con ilusi\u00f3n y esfuerzo por los alumnos de Atenci\u00f3n Educativa de Secundaria. Esta propuesta art\u00edstica forma parte de un proyecto educativo global que permite al alumnado experimentar todos los procesos de creaci\u00f3n esc\u00e9nica: desde la escritura del guion hasta la direcci\u00f3n, interpretaci\u00f3n, elaboraci\u00f3n de t\u00edteres, escenograf\u00eda, iluminaci\u00f3n, m\u00fasica y difusi\u00f3n.<\/p>\n\n\n\n<p>La historia de <em>Giada y el laberinto<\/em> nos traslada a un mundo m\u00e1gico, donde una ni\u00f1a valiente se enfrenta a retos sorprendentes dentro de un laberinto lleno de personajes encantados, coreograf\u00edas al estilo de los a\u00f1os 80 y mucha diversi\u00f3n. Una aventura teatral pensada para emocionar y entretener a los m\u00e1s peque\u00f1os del colegio.<\/p>\n\n\n\n<p>Este proyecto se consolida como una experiencia pedag\u00f3gica y art\u00edstica que ya el curso pasado dej\u00f3 huella con la representaci\u00f3n de <strong>\u00abEl viaje de Giada\u00bb<\/strong>. La obra tuvo un gran impacto y, como reconocimiento al trabajo de los estudiantes, contamos con la visita especial de <strong>D. Antonio Pino<\/strong>, titiritero de renombre y actor del personaje <em>Peneque el Valiente<\/em>, quien dedic\u00f3 unas palabras muy inspiradoras al alumnado:<\/p>\n\n\n\n<blockquote class=\"wp-block-quote is-layout-flow wp-block-quote-is-layout-flow\">\n<p><em>\u00abLa labor del titiritero es muy dif\u00edcil y vosotros lo hab\u00e9is hecho perfecto. Se nota que hay mucho trabajo detr\u00e1s. Enhorabuena, ha sido impresionante.\u00bb<\/em><\/p>\n<\/blockquote>\n\n\n\n<p>\ud83d\uddd3 <strong>Fechas de las funciones:<\/strong><\/p>\n\n\n\n<ul class=\"wp-block-list\">\n<li><strong>Martes 6 de mayo<\/strong> \u2013 Asisten los alumnos de <strong>1.\u00ba y 2.\u00ba de Primaria<\/strong><\/li>\n\n\n\n<li><strong>Mi\u00e9rcoles 7 de mayo<\/strong> \u2013 Asisten los alumnos de <strong>3.\u00ba y 4.\u00ba de Primaria<\/strong><\/li>\n\n\n\n<li><strong>Jueves 8 de mayo<\/strong> \u2013 Para los grupos de <strong>3, 4 y 5 a\u00f1os A (Infantil)<\/strong><\/li>\n\n\n\n<li><strong>Viernes 9 de mayo<\/strong> \u2013 Para los grupos de <strong>3, 4 y 5 a\u00f1os B (Infantil)<\/strong><\/li>\n<\/ul>\n\n\n\n<p><strong>A\u00fan quedan plazas disponibles para las familias de Infantil que deseen asistir este a\u00f1o.<\/strong><\/p>\n\n\n\n<p><strong>Para revivir lo vivido el a\u00f1o pasado:<\/strong><\/p>\n\n\n\n<p><\/p>\n\n\n\n<ul class=\"wp-block-list\">\n<li><a class=\"\" href=\"https:\/\/drive.google.com\/file\/d\/10QE1LbW-rvkZP8oyyo4qt43Nke6r1Vj4\/view?usp=sharing\" target=\"_blank\" rel=\"noopener\">V\u00eddeo de la 1.\u00aa actuaci\u00f3n<\/a><\/li>\n\n\n\n<li><a class=\"\" href=\"https:\/\/drive.google.com\/file\/d\/1dhpqVRb82A3rxP2qvzxY3-BWoAR8hRd3\/view?usp=sharing\" target=\"_blank\" rel=\"noopener\">V\u00eddeo de la 3.\u00aa actuaci\u00f3n<\/a><\/li>\n<\/ul>\n\n\n\n<p>Desde el colegio, queremos felicitar a nuestros alumnos y alumnas de Secundaria por su compromiso, creatividad y profesionalidad. <em>\u00abGiada y el laberinto\u00bb<\/em> es un ejemplo de c\u00f3mo el aprendizaje se transforma en arte, emoci\u00f3n y comunidad.<\/p>\n\n\n\n<p>\u00a1Gracias por acompa\u00f1arnos en esta aventura un a\u00f1o m\u00e1s!<\/p>\n\n\n\n<figure class=\"wp-block-image size-large\"><img loading=\"lazy\" decoding=\"async\" width=\"1024\" height=\"576\" src=\"https:\/\/colegiopuertosol.net\/wp-content\/uploads\/2025\/04\/peneque-1024x576.jpg\" alt=\"\" class=\"wp-image-71203089\" srcset=\"https:\/\/colegiopuertosol.net\/wp-content\/uploads\/2025\/04\/peneque-1024x576.jpg 1024w, https:\/\/colegiopuertosol.net\/wp-content\/uploads\/2025\/04\/peneque-300x169.jpg 300w, https:\/\/colegiopuertosol.net\/wp-content\/uploads\/2025\/04\/peneque-768x432.jpg 768w, https:\/\/colegiopuertosol.net\/wp-content\/uploads\/2025\/04\/peneque.jpg 1536w\" sizes=\"auto, (max-width: 1024px) 100vw, 1024px\" \/><\/figure>\n\n\n\n<figure class=\"wp-block-image size-large\"><img loading=\"lazy\" decoding=\"async\" width=\"1024\" height=\"576\" src=\"https:\/\/colegiopuertosol.net\/wp-content\/uploads\/2025\/04\/peneque-1-1024x576.jpg\" alt=\"\" class=\"wp-image-71203094\" srcset=\"https:\/\/colegiopuertosol.net\/wp-content\/uploads\/2025\/04\/peneque-1-1024x576.jpg 1024w, https:\/\/colegiopuertosol.net\/wp-content\/uploads\/2025\/04\/peneque-1-300x169.jpg 300w, https:\/\/colegiopuertosol.net\/wp-content\/uploads\/2025\/04\/peneque-1-768x432.jpg 768w, https:\/\/colegiopuertosol.net\/wp-content\/uploads\/2025\/04\/peneque-1-1536x864.jpg 1536w, https:\/\/colegiopuertosol.net\/wp-content\/uploads\/2025\/04\/peneque-1.jpg 2048w\" sizes=\"auto, (max-width: 1024px) 100vw, 1024px\" \/><\/figure>\n\n\n\n<figure class=\"wp-block-image size-large\"><img loading=\"lazy\" decoding=\"async\" width=\"1024\" height=\"768\" src=\"https:\/\/colegiopuertosol.net\/wp-content\/uploads\/2025\/04\/peneque-2-1024x768.jpg\" alt=\"\" class=\"wp-image-71203095\" srcset=\"https:\/\/colegiopuertosol.net\/wp-content\/uploads\/2025\/04\/peneque-2-1024x768.jpg 1024w, https:\/\/colegiopuertosol.net\/wp-content\/uploads\/2025\/04\/peneque-2-300x225.jpg 300w, https:\/\/colegiopuertosol.net\/wp-content\/uploads\/2025\/04\/peneque-2-768x576.jpg 768w, https:\/\/colegiopuertosol.net\/wp-content\/uploads\/2025\/04\/peneque-2.jpg 1536w\" sizes=\"auto, (max-width: 1024px) 100vw, 1024px\" \/><\/figure>\n","protected":false},"excerpt":{"rendered":"<p>Nos complace anunciar la nueva representaci\u00f3n del gui\u00f1ol \u00abGiada y el laberinto\u00bb, una obra original desarrollada con ilusi\u00f3n y esfuerzo por los alumnos de Atenci\u00f3n [&hellip;]<\/p>\n","protected":false},"author":9,"featured_media":71203088,"comment_status":"closed","ping_status":"","sticky":false,"template":"","format":"standard","meta":{"_themeisle_gutenberg_block_has_review":false,"footnotes":""},"categories":[8,7,22],"tags":[],"class_list":["post-71203092","post","type-post","status-publish","format-standard","has-post-thumbnail","hentry","category-infantil","category-noticias","category-secundaria"],"_links":{"self":[{"href":"https:\/\/colegiopuertosol.net\/index.php?rest_route=\/wp\/v2\/posts\/71203092","targetHints":{"allow":["GET"]}}],"collection":[{"href":"https:\/\/colegiopuertosol.net\/index.php?rest_route=\/wp\/v2\/posts"}],"about":[{"href":"https:\/\/colegiopuertosol.net\/index.php?rest_route=\/wp\/v2\/types\/post"}],"author":[{"embeddable":true,"href":"https:\/\/colegiopuertosol.net\/index.php?rest_route=\/wp\/v2\/users\/9"}],"replies":[{"embeddable":true,"href":"https:\/\/colegiopuertosol.net\/index.php?rest_route=%2Fwp%2Fv2%2Fcomments&post=71203092"}],"version-history":[{"count":2,"href":"https:\/\/colegiopuertosol.net\/index.php?rest_route=\/wp\/v2\/posts\/71203092\/revisions"}],"predecessor-version":[{"id":71203096,"href":"https:\/\/colegiopuertosol.net\/index.php?rest_route=\/wp\/v2\/posts\/71203092\/revisions\/71203096"}],"wp:featuredmedia":[{"embeddable":true,"href":"https:\/\/colegiopuertosol.net\/index.php?rest_route=\/wp\/v2\/media\/71203088"}],"wp:attachment":[{"href":"https:\/\/colegiopuertosol.net\/index.php?rest_route=%2Fwp%2Fv2%2Fmedia&parent=71203092"}],"wp:term":[{"taxonomy":"category","embeddable":true,"href":"https:\/\/colegiopuertosol.net\/index.php?rest_route=%2Fwp%2Fv2%2Fcategories&post=71203092"},{"taxonomy":"post_tag","embeddable":true,"href":"https:\/\/colegiopuertosol.net\/index.php?rest_route=%2Fwp%2Fv2%2Ftags&post=71203092"}],"curies":[{"name":"wp","href":"https:\/\/api.w.org\/{rel}","templated":true}]}}