
{"id":71203728,"date":"2025-06-04T12:10:19","date_gmt":"2025-06-04T12:10:19","guid":{"rendered":"https:\/\/colegiopuertosol.net\/?p=71203728"},"modified":"2025-06-05T10:42:16","modified_gmt":"2025-06-05T10:42:16","slug":"leonas-en-el-campeonato-del-mundo","status":"publish","type":"post","link":"https:\/\/colegiopuertosol.net\/?p=71203728","title":{"rendered":"LEONAS EN EL CAMPEONATO DEL MUNDO."},"content":{"rendered":"\n<p>Desde el Club Deportivo, nos complace anunciar que nuestra talentosa cadete, Victoria G\u00f3mez Garc\u00eda y nuestras dos estudiantes y exjugadoras Carla Aranda G\u00f3mez y Lucia Selas Ojeda, han sido seleccionadas para representar a Espa\u00f1a en el pr\u00f3ximo Campeonato del Mundo de Balonmano playa que se disputar\u00e1 en T\u00fanez del 17 al 22 de junio.<\/p>\n\n\n\n<p>La presencia de estas tres \u00ableonas\u00bb en la selecci\u00f3n espa\u00f1ola es un reconocimiento a su esfuerzo, dedicaci\u00f3n y talento, y representa un gran logro tanto para ellas como para nuestro club, que ha sido testigo de su crecimiento y pasi\u00f3n por el deporte desde sus inicios.<\/p>\n\n\n\n<p>Este logro no solo enaltece el trabajo de las jugadoras, sino que tambi\u00e9n llena de orgullo a toda la comunidad balonmanera que las ha apoyado en cada paso de su trayectoria. La selecci\u00f3n espa\u00f1ola conf\u00eda en su talento y compromiso, y estamos seguros de que dejar\u00e1n el nombre de nuestro pa\u00eds y de nuestro club en lo m\u00e1s alto durante este importante torneo internacional.<\/p>\n\n\n\n<p>Desde aqu\u00ed, enviamos nuestras m\u00e1s sinceras felicitaciones a Carla, Luc\u00eda y Victoria, y les deseamos mucho \u00e9xito en esta aventura mundialista. Sin duda, su participaci\u00f3n ser\u00e1 un ejemplo inspirador para todos los j\u00f3venes deportistas que sue\u00f1an con alcanzar grandes metas en el balonmano.<\/p>\n\n\n\n<p><\/p>\n\n\n\n<p>A\u00f1adimos convocatoria y calendario de la fase de grupos.<\/p>\n\n\n\n<ul class=\"wp-block-list\">\n<li>Porter\u00eda| Mar\u00eda Arnay Mancebo (Balonmano Getasur), Jana Mu\u00f1oz Fern\u00e1ndez (Handball Caramago 1974)<\/li>\n\n\n\n<li>Especialista&nbsp;| <strong>Carla Aranda G\u00f3mez<\/strong> (Ciudad de M\u00e1laga).<\/li>\n\n\n\n<li>Ala Izquierda&nbsp;Carlota Bravo Garc\u00eda (Balonmano Roquetas).<\/li>\n\n\n\n<li>Ala Derecha&nbsp;| <strong>Luc\u00eda Selas Ojeda <\/strong>(M\u00e1laga Costa del Sol).<\/li>\n\n\n\n<li>Defensa&nbsp;| Abril Torres Corbera (Esportiu Molins de Rei 2015), <strong>Victoria G\u00f3mez Garc\u00eda <\/strong>(Club Deportivo Puertosol).<\/li>\n\n\n\n<li>Polivalente&nbsp;| Berta Salas Vallejo (Torre\u00f3n de Benalm\u00e1dena), Iraia Berroeta S\u00e1nchez (Balonmano Kukullaga).<\/li>\n\n\n\n<li>Pivote&nbsp;| Elena Alfaro Mu\u00f1oz (Deportivo Retamar)<\/li>\n<\/ul>\n\n\n\n<p><strong>CALENDARIO DE COMPETICI\u00d3N \u2013 FASE DE GRUPOS<\/strong><\/p>\n\n\n\n<ul class=\"wp-block-list\">\n<li>Martes, 17 de junio de 2025 \u2013 17:40h. | Croacia :&nbsp;<strong>Espa\u00f1a<\/strong>&nbsp;(Pista 3)<\/li>\n\n\n\n<li>Mi\u00e9rcoles, 18 de junio de 2025 \u2013 09:30h. |&nbsp;<strong>Espa\u00f1a<\/strong>&nbsp;: Uruguay (Pista central)<\/li>\n\n\n\n<li>Mi\u00e9rcoles, 18 de junio de 2025 \u2013 16:00 | Espa\u00f1a :<strong>&nbsp;Bulgaria<\/strong>&nbsp;(Pista 3)<\/li>\n<\/ul>\n\n\n\n<p><\/p>\n\n\n\n<figure class=\"wp-block-image size-large is-resized\"><img loading=\"lazy\" decoding=\"async\" width=\"1024\" height=\"290\" src=\"https:\/\/colegiopuertosol.net\/wp-content\/uploads\/2025\/06\/WhatsApp-Image-2025-06-04-at-18.25.05-1-1024x290.jpeg\" alt=\"\" class=\"wp-image-71203746\" style=\"width:705px;height:auto\" srcset=\"https:\/\/colegiopuertosol.net\/wp-content\/uploads\/2025\/06\/WhatsApp-Image-2025-06-04-at-18.25.05-1-1024x290.jpeg 1024w, https:\/\/colegiopuertosol.net\/wp-content\/uploads\/2025\/06\/WhatsApp-Image-2025-06-04-at-18.25.05-1-300x85.jpeg 300w, https:\/\/colegiopuertosol.net\/wp-content\/uploads\/2025\/06\/WhatsApp-Image-2025-06-04-at-18.25.05-1-768x217.jpeg 768w, https:\/\/colegiopuertosol.net\/wp-content\/uploads\/2025\/06\/WhatsApp-Image-2025-06-04-at-18.25.05-1.jpeg 1212w\" sizes=\"auto, (max-width: 1024px) 100vw, 1024px\" \/><\/figure>\n\n\n\n<p><\/p>\n","protected":false},"excerpt":{"rendered":"<p>Desde el Club Deportivo, nos complace anunciar que nuestra talentosa cadete, Victoria G\u00f3mez Garc\u00eda y nuestras dos estudiantes y exjugadoras Carla Aranda G\u00f3mez y Lucia [&hellip;]<\/p>\n","protected":false},"author":5,"featured_media":71203744,"comment_status":"closed","ping_status":"","sticky":false,"template":"","format":"standard","meta":{"_themeisle_gutenberg_block_has_review":false,"footnotes":""},"categories":[10,7,25],"tags":[],"class_list":["post-71203728","post","type-post","status-publish","format-standard","has-post-thumbnail","hentry","category-clubdeportivo","category-noticias","category-noticias-clubdeportivo"],"_links":{"self":[{"href":"https:\/\/colegiopuertosol.net\/index.php?rest_route=\/wp\/v2\/posts\/71203728","targetHints":{"allow":["GET"]}}],"collection":[{"href":"https:\/\/colegiopuertosol.net\/index.php?rest_route=\/wp\/v2\/posts"}],"about":[{"href":"https:\/\/colegiopuertosol.net\/index.php?rest_route=\/wp\/v2\/types\/post"}],"author":[{"embeddable":true,"href":"https:\/\/colegiopuertosol.net\/index.php?rest_route=\/wp\/v2\/users\/5"}],"replies":[{"embeddable":true,"href":"https:\/\/colegiopuertosol.net\/index.php?rest_route=%2Fwp%2Fv2%2Fcomments&post=71203728"}],"version-history":[{"count":15,"href":"https:\/\/colegiopuertosol.net\/index.php?rest_route=\/wp\/v2\/posts\/71203728\/revisions"}],"predecessor-version":[{"id":71203770,"href":"https:\/\/colegiopuertosol.net\/index.php?rest_route=\/wp\/v2\/posts\/71203728\/revisions\/71203770"}],"wp:featuredmedia":[{"embeddable":true,"href":"https:\/\/colegiopuertosol.net\/index.php?rest_route=\/wp\/v2\/media\/71203744"}],"wp:attachment":[{"href":"https:\/\/colegiopuertosol.net\/index.php?rest_route=%2Fwp%2Fv2%2Fmedia&parent=71203728"}],"wp:term":[{"taxonomy":"category","embeddable":true,"href":"https:\/\/colegiopuertosol.net\/index.php?rest_route=%2Fwp%2Fv2%2Fcategories&post=71203728"},{"taxonomy":"post_tag","embeddable":true,"href":"https:\/\/colegiopuertosol.net\/index.php?rest_route=%2Fwp%2Fv2%2Ftags&post=71203728"}],"curies":[{"name":"wp","href":"https:\/\/api.w.org\/{rel}","templated":true}]}}