
{"id":71203791,"date":"2025-06-09T08:26:10","date_gmt":"2025-06-09T08:26:10","guid":{"rendered":"https:\/\/colegiopuertosol.net\/?p=71203791"},"modified":"2025-06-09T08:26:10","modified_gmt":"2025-06-09T08:26:10","slug":"finalistas-a-la-caza-de-la-noticia-falsa","status":"publish","type":"post","link":"https:\/\/colegiopuertosol.net\/?p=71203791","title":{"rendered":"Finalistas \u00abA la caza de la noticia falsa\u00bb"},"content":{"rendered":"\n<p><strong>Dos alumnos de 2\u00ba de ESO, finalistas en el proyecto \u00abA la caza de la noticia falsa\u00bb promovido por la Universidad de M\u00e1laga<\/strong><\/p>\n\n\n\n<p>Dos de nuestros alumnos de 2\u00ba de ESO han sido reconocidos como finalistas en el proyecto educativo <strong>\u00abA la caza de la noticia falsa\u00bb<\/strong>, una iniciativa de la <strong>Facultad de Ciencias de la Comunicaci\u00f3n de la Universidad de M\u00e1laga<\/strong> que tiene como objetivo sensibilizar al alumnado sobre el peligro de la desinformaci\u00f3n y las llamadas <em>fake news<\/em>.<\/p>\n\n\n\n<p>Los alumnos, Pablo Garc\u00eda Teruel y Gonzalo S\u00e1nchez Fuertes, presentaron un trabajo de investigaci\u00f3n y an\u00e1lisis que destacaba por su rigor, originalidad y capacidad de detectar noticias falsas en medios digitales. Su proyecto fue seleccionado entre m\u00e1s de un centenar de propuestas procedentes de centros educativos de toda la provincia.<\/p>\n\n\n\n<p>El acto de entrega de premios tuvo lugar el pasado 6 de junio, en el sal\u00f3n de actos de la Facultad, donde los estudiantes recibieron un diploma acreditativo y un lote de premios. Durante la ceremonia, profesorado universitario y expertos en comunicaci\u00f3n destacaron la importancia de formar a los j\u00f3venes en el consumo responsable de informaci\u00f3n y en el uso \u00e9tico de las redes sociales.<\/p>\n\n\n\n<p>El&nbsp; profesor Enrique Gomis Pay\u00e1, encargado de coordinar la participaci\u00f3n del centro en el proyecto, valor\u00f3 muy positivamente la experiencia.<br><\/p>\n\n\n\n<p>Con este reconocimiento, nuestro colegio reafirma su compromiso con la educaci\u00f3n en valores y el desarrollo de competencias clave para el siglo XXI, como la alfabetizaci\u00f3n medi\u00e1tica, el pensamiento cr\u00edtico y la responsabilidad digital.<\/p>\n\n\n\n<figure class=\"wp-block-gallery has-nested-images columns-default is-cropped wp-block-gallery-1 is-layout-flex wp-block-gallery-is-layout-flex\">\n<figure class=\"wp-block-image size-large\"><img loading=\"lazy\" decoding=\"async\" width=\"1024\" height=\"768\" data-id=\"71203793\" src=\"https:\/\/colegiopuertosol.net\/wp-content\/uploads\/2025\/06\/IMG_1996-1024x768.jpeg\" alt=\"\" class=\"wp-image-71203793\" srcset=\"https:\/\/colegiopuertosol.net\/wp-content\/uploads\/2025\/06\/IMG_1996-1024x768.jpeg 1024w, https:\/\/colegiopuertosol.net\/wp-content\/uploads\/2025\/06\/IMG_1996-300x225.jpeg 300w, https:\/\/colegiopuertosol.net\/wp-content\/uploads\/2025\/06\/IMG_1996-768x576.jpeg 768w, https:\/\/colegiopuertosol.net\/wp-content\/uploads\/2025\/06\/IMG_1996-1536x1152.jpeg 1536w, https:\/\/colegiopuertosol.net\/wp-content\/uploads\/2025\/06\/IMG_1996-2048x1536.jpeg 2048w\" sizes=\"auto, (max-width: 1024px) 100vw, 1024px\" \/><\/figure>\n\n\n\n<figure class=\"wp-block-image size-large\"><img loading=\"lazy\" decoding=\"async\" width=\"1024\" height=\"768\" data-id=\"71203792\" src=\"https:\/\/colegiopuertosol.net\/wp-content\/uploads\/2025\/06\/IMG_2012-1024x768.jpeg\" alt=\"\" class=\"wp-image-71203792\" srcset=\"https:\/\/colegiopuertosol.net\/wp-content\/uploads\/2025\/06\/IMG_2012-1024x768.jpeg 1024w, https:\/\/colegiopuertosol.net\/wp-content\/uploads\/2025\/06\/IMG_2012-300x225.jpeg 300w, https:\/\/colegiopuertosol.net\/wp-content\/uploads\/2025\/06\/IMG_2012-768x576.jpeg 768w, https:\/\/colegiopuertosol.net\/wp-content\/uploads\/2025\/06\/IMG_2012-1536x1152.jpeg 1536w, https:\/\/colegiopuertosol.net\/wp-content\/uploads\/2025\/06\/IMG_2012-2048x1536.jpeg 2048w\" sizes=\"auto, (max-width: 1024px) 100vw, 1024px\" \/><\/figure>\n<\/figure>\n","protected":false},"excerpt":{"rendered":"<p>Dos alumnos de 2\u00ba de ESO, finalistas en el proyecto \u00abA la caza de la noticia falsa\u00bb promovido por la Universidad de M\u00e1laga Dos de [&hellip;]<\/p>\n","protected":false},"author":9,"featured_media":71203793,"comment_status":"closed","ping_status":"","sticky":false,"template":"","format":"standard","meta":{"_themeisle_gutenberg_block_has_review":false,"footnotes":""},"categories":[7,22],"tags":[],"class_list":["post-71203791","post","type-post","status-publish","format-standard","has-post-thumbnail","hentry","category-noticias","category-secundaria"],"_links":{"self":[{"href":"https:\/\/colegiopuertosol.net\/index.php?rest_route=\/wp\/v2\/posts\/71203791","targetHints":{"allow":["GET"]}}],"collection":[{"href":"https:\/\/colegiopuertosol.net\/index.php?rest_route=\/wp\/v2\/posts"}],"about":[{"href":"https:\/\/colegiopuertosol.net\/index.php?rest_route=\/wp\/v2\/types\/post"}],"author":[{"embeddable":true,"href":"https:\/\/colegiopuertosol.net\/index.php?rest_route=\/wp\/v2\/users\/9"}],"replies":[{"embeddable":true,"href":"https:\/\/colegiopuertosol.net\/index.php?rest_route=%2Fwp%2Fv2%2Fcomments&post=71203791"}],"version-history":[{"count":1,"href":"https:\/\/colegiopuertosol.net\/index.php?rest_route=\/wp\/v2\/posts\/71203791\/revisions"}],"predecessor-version":[{"id":71203794,"href":"https:\/\/colegiopuertosol.net\/index.php?rest_route=\/wp\/v2\/posts\/71203791\/revisions\/71203794"}],"wp:featuredmedia":[{"embeddable":true,"href":"https:\/\/colegiopuertosol.net\/index.php?rest_route=\/wp\/v2\/media\/71203793"}],"wp:attachment":[{"href":"https:\/\/colegiopuertosol.net\/index.php?rest_route=%2Fwp%2Fv2%2Fmedia&parent=71203791"}],"wp:term":[{"taxonomy":"category","embeddable":true,"href":"https:\/\/colegiopuertosol.net\/index.php?rest_route=%2Fwp%2Fv2%2Fcategories&post=71203791"},{"taxonomy":"post_tag","embeddable":true,"href":"https:\/\/colegiopuertosol.net\/index.php?rest_route=%2Fwp%2Fv2%2Ftags&post=71203791"}],"curies":[{"name":"wp","href":"https:\/\/api.w.org\/{rel}","templated":true}]}}